{"id":4106,"date":"2016-05-13T20:04:01","date_gmt":"2016-05-13T18:04:01","guid":{"rendered":"http:\/\/amory.shthemes.com\/?p=4106"},"modified":"2020-07-29T18:33:42","modified_gmt":"2020-07-29T16:33:42","slug":"qui-suis-je","status":"publish","type":"post","link":"https:\/\/www.timetogether.fr\/index.php\/2016\/05\/13\/qui-suis-je\/","title":{"rendered":"Qui suis-je ?"},"content":{"rendered":"<p><strong><em>Pas facile finalement de parler de soi, de se livrer devant son clavier et son \u00e9cran.<br \/>\nC\u2019est beaucoup plus simple pour moi de vous parler de vive voix \ud83d\ude42<\/em><\/strong><\/p>\n<p><span style=\"font-weight: 400;\">Mais je me lance\u2026 Comme je me lance dans cette nouvelle aventure, avec le sourire !<br \/>\n<\/span><span style=\"font-size: inherit;\">L\u2019id\u00e9e ici c\u2019est de vous raconter comment j\u2019en suis arriv\u00e9e au yoga du rire, mais c\u2019est toute une histoire, impossible en un seul article de tout vous raconter, alors \u00e7a sera par \u00e9pisodes\u2026<\/span><\/p>\n<p><!--more--><\/p>\n<p><span style=\"font-weight: 400;\">Comment passe-t-on d\u2019\u00e9tudes en informatique, au web, au mobile, \u00e0 freelance en marketing, \u00e0 ma\u00eetre de conf\u00e9rences et finalement animatrice en yoga du rire me demandez-vous ? Et bien assez naturellement en ce qui me concerne !<\/span><\/p>\n<p><span style=\"font-weight: 400;\">J\u2019aime le changement, la nouveaut\u00e9, ne jamais m\u2019ennuyer, toujours apprendre, et surtout toujours aller vers \u201cmieux\u201d. Ladite d\u00e9finition du \u201cmieux\u201d \u00e9voluant au fil des ann\u00e9es.<\/span><\/p>\n<p><span style=\"font-weight: 400;\">Et maintenant le \u201cmieux\u201d c\u2019est plus de sens, plus de valeurs, plus d\u2019humain. Je n\u2019oublie pas tout ce que j\u2019ai connu avant, je compl\u00e8te juste.<\/span><\/p>\n<p><span style=\"font-weight: 400;\">Donc aujourd\u2019hui je m\u2019\u00e9panouie dans cette nouveaut\u00e9, ce partage et tous ces rires qui am\u00e9liorent encore mon quotidien.<\/span><\/p>\n<p><span style=\"font-weight: 400;\">RDV au prochain \u00e9pisode \ud83d\ude09<\/span><\/p>\n<p><img loading=\"lazy\" decoding=\"async\" class=\"aligncenter wp-image-5594 size-large\" src=\"https:\/\/www.timetogether.fr\/wp-content\/uploads\/2016\/05\/Emilie-998x1024.jpg\" alt=\"Emilie, yoga du rire\" width=\"998\" height=\"1024\" srcset=\"https:\/\/www.timetogether.fr\/wp-content\/uploads\/2016\/05\/Emilie-998x1024.jpg 998w, https:\/\/www.timetogether.fr\/wp-content\/uploads\/2016\/05\/Emilie-292x300.jpg 292w, https:\/\/www.timetogether.fr\/wp-content\/uploads\/2016\/05\/Emilie-768x788.jpg 768w, https:\/\/www.timetogether.fr\/wp-content\/uploads\/2016\/05\/Emilie-1496x1536.jpg 1496w, https:\/\/www.timetogether.fr\/wp-content\/uploads\/2016\/05\/Emilie-1995x2048.jpg 1995w\" sizes=\"auto, (max-width: 998px) 100vw, 998px\" \/><\/p>\n","protected":false},"excerpt":{"rendered":"<p>Pas facile finalement de parler de soi, de se livrer devant son clavier et son \u00e9cran.<br \/>\nC\u2019est beaucoup plus simple pour moi de vous parler de vive voix \ud83d\ude42<\/p>\n","protected":false},"author":3,"featured_media":5594,"comment_status":"open","ping_status":"open","sticky":false,"template":"","format":"standard","meta":{"inline_featured_image":false,"footnotes":""},"categories":[1],"tags":[],"class_list":["post-4106","post","type-post","status-publish","format-standard","has-post-thumbnail","hentry","category-non-classe"],"yoast_head":"<!-- This site is optimized with the Yoast SEO plugin v24.7 - https:\/\/yoast.com\/wordpress\/plugins\/seo\/ -->\n<title>Qui suis-je ? - Time Together - Yoga du rire<\/title>\n<meta name=\"robots\" content=\"index, follow, max-snippet:-1, max-image-preview:large, max-video-preview:-1\" \/>\n<link rel=\"canonical\" href=\"https:\/\/www.timetogether.fr\/index.php\/2016\/05\/13\/qui-suis-je\/\" \/>\n<meta property=\"og:locale\" content=\"fr_FR\" \/>\n<meta property=\"og:type\" content=\"article\" \/>\n<meta property=\"og:title\" content=\"Qui suis-je ?\" \/>\n<meta property=\"og:description\" content=\"Pas facile finalement de parler de soi, de se livrer devant son clavier et son \u00e9cran. C\u2019est beaucoup plus simple pour moi de vous parler de vive voix :)\" \/>\n<meta property=\"og:url\" content=\"https:\/\/www.timetogether.fr\/index.php\/2016\/05\/13\/qui-suis-je\/\" \/>\n<meta property=\"og:site_name\" content=\"Time Together - Yoga du rire\" \/>\n<meta property=\"article:author\" content=\"https:\/\/www.facebook.com\/timetogetheryogadurire\" \/>\n<meta property=\"article:published_time\" content=\"2016-05-13T18:04:01+00:00\" \/>\n<meta property=\"article:modified_time\" content=\"2020-07-29T16:33:42+00:00\" \/>\n<meta property=\"og:image\" content=\"https:\/\/www.timetogether.fr\/wp-content\/uploads\/2016\/05\/Emilie-scaled.jpg\" \/>\n\t<meta property=\"og:image:width\" content=\"2494\" \/>\n\t<meta property=\"og:image:height\" content=\"2560\" \/>\n\t<meta property=\"og:image:type\" content=\"image\/jpeg\" \/>\n<meta name=\"author\" content=\"Emilie Dedes\" \/>\n<meta name=\"twitter:card\" content=\"summary_large_image\" \/>\n<meta name=\"twitter:title\" content=\"Qui suis-je ?\" \/>\n<meta name=\"twitter:description\" content=\"Pas facile finalement de parler de soi, de se livrer devant son clavier et son \u00e9cran. C\u2019est beaucoup plus simple pour moi de vous parler de vive voix :)\" \/>\n<meta name=\"twitter:image\" content=\"https:\/\/www.timetogether.fr\/wp-content\/uploads\/2016\/05\/Emilie-scaled.jpg\" \/>\n<meta name=\"twitter:label1\" content=\"\u00c9crit par\" \/>\n\t<meta name=\"twitter:data1\" content=\"Emilie Dedes\" \/>\n\t<meta name=\"twitter:label2\" content=\"Dur\u00e9e de lecture estim\u00e9e\" \/>\n\t<meta name=\"twitter:data2\" content=\"1 minute\" \/>\n<script type=\"application\/ld+json\" class=\"yoast-schema-graph\">{\"@context\":\"https:\/\/schema.org\",\"@graph\":[{\"@type\":\"WebPage\",\"@id\":\"https:\/\/www.timetogether.fr\/index.php\/2016\/05\/13\/qui-suis-je\/\",\"url\":\"https:\/\/www.timetogether.fr\/index.php\/2016\/05\/13\/qui-suis-je\/\",\"name\":\"Qui suis-je ? - Time Together - Yoga du rire\",\"isPartOf\":{\"@id\":\"https:\/\/www.timetogether.fr\/#website\"},\"primaryImageOfPage\":{\"@id\":\"https:\/\/www.timetogether.fr\/index.php\/2016\/05\/13\/qui-suis-je\/#primaryimage\"},\"image\":{\"@id\":\"https:\/\/www.timetogether.fr\/index.php\/2016\/05\/13\/qui-suis-je\/#primaryimage\"},\"thumbnailUrl\":\"https:\/\/www.timetogether.fr\/wp-content\/uploads\/2016\/05\/Emilie-scaled.jpg\",\"datePublished\":\"2016-05-13T18:04:01+00:00\",\"dateModified\":\"2020-07-29T16:33:42+00:00\",\"author\":{\"@id\":\"https:\/\/www.timetogether.fr\/#\/schema\/person\/95984054301b175f28b25d74b7a460c5\"},\"breadcrumb\":{\"@id\":\"https:\/\/www.timetogether.fr\/index.php\/2016\/05\/13\/qui-suis-je\/#breadcrumb\"},\"inLanguage\":\"fr-FR\",\"potentialAction\":[{\"@type\":\"ReadAction\",\"target\":[\"https:\/\/www.timetogether.fr\/index.php\/2016\/05\/13\/qui-suis-je\/\"]}]},{\"@type\":\"ImageObject\",\"inLanguage\":\"fr-FR\",\"@id\":\"https:\/\/www.timetogether.fr\/index.php\/2016\/05\/13\/qui-suis-je\/#primaryimage\",\"url\":\"https:\/\/www.timetogether.fr\/wp-content\/uploads\/2016\/05\/Emilie-scaled.jpg\",\"contentUrl\":\"https:\/\/www.timetogether.fr\/wp-content\/uploads\/2016\/05\/Emilie-scaled.jpg\",\"width\":2494,\"height\":2560,\"caption\":\"Emilie, yoga du rire\"},{\"@type\":\"BreadcrumbList\",\"@id\":\"https:\/\/www.timetogether.fr\/index.php\/2016\/05\/13\/qui-suis-je\/#breadcrumb\",\"itemListElement\":[{\"@type\":\"ListItem\",\"position\":1,\"name\":\"Accueil\",\"item\":\"https:\/\/www.timetogether.fr\/\"},{\"@type\":\"ListItem\",\"position\":2,\"name\":\"Qui suis-je ?\"}]},{\"@type\":\"WebSite\",\"@id\":\"https:\/\/www.timetogether.fr\/#website\",\"url\":\"https:\/\/www.timetogether.fr\/\",\"name\":\"Time Together - Yoga du rire\",\"description\":\"Prenez le temps de vous r\u00e9v\u00e9ler \u00e0 vous-m\u00eame !\",\"potentialAction\":[{\"@type\":\"SearchAction\",\"target\":{\"@type\":\"EntryPoint\",\"urlTemplate\":\"https:\/\/www.timetogether.fr\/?s={search_term_string}\"},\"query-input\":{\"@type\":\"PropertyValueSpecification\",\"valueRequired\":true,\"valueName\":\"search_term_string\"}}],\"inLanguage\":\"fr-FR\"},{\"@type\":\"Person\",\"@id\":\"https:\/\/www.timetogether.fr\/#\/schema\/person\/95984054301b175f28b25d74b7a460c5\",\"name\":\"Emilie Dedes\",\"image\":{\"@type\":\"ImageObject\",\"inLanguage\":\"fr-FR\",\"@id\":\"https:\/\/www.timetogether.fr\/#\/schema\/person\/image\/\",\"url\":\"https:\/\/secure.gravatar.com\/avatar\/84f7bc95354c01bc9e81de03323273a6?s=96&d=mm&r=g\",\"contentUrl\":\"https:\/\/secure.gravatar.com\/avatar\/84f7bc95354c01bc9e81de03323273a6?s=96&d=mm&r=g\",\"caption\":\"Emilie Dedes\"},\"sameAs\":[\"http:\/\/www.timetogether.fr\",\"https:\/\/www.facebook.com\/timetogetheryogadurire\",\"https:\/\/www.instagram.com\/timetogetheryogadurire\/\",\"https:\/\/www.linkedin.com\/company\/68342108\"],\"url\":\"https:\/\/www.timetogether.fr\/index.php\/author\/emilie\/\"}]}<\/script>\n<!-- \/ Yoast SEO plugin. -->","yoast_head_json":{"title":"Qui suis-je ? - Time Together - Yoga du rire","robots":{"index":"index","follow":"follow","max-snippet":"max-snippet:-1","max-image-preview":"max-image-preview:large","max-video-preview":"max-video-preview:-1"},"canonical":"https:\/\/www.timetogether.fr\/index.php\/2016\/05\/13\/qui-suis-je\/","og_locale":"fr_FR","og_type":"article","og_title":"Qui suis-je ?","og_description":"Pas facile finalement de parler de soi, de se livrer devant son clavier et son \u00e9cran. C\u2019est beaucoup plus simple pour moi de vous parler de vive voix :)","og_url":"https:\/\/www.timetogether.fr\/index.php\/2016\/05\/13\/qui-suis-je\/","og_site_name":"Time Together - Yoga du rire","article_author":"https:\/\/www.facebook.com\/timetogetheryogadurire","article_published_time":"2016-05-13T18:04:01+00:00","article_modified_time":"2020-07-29T16:33:42+00:00","og_image":[{"width":2494,"height":2560,"url":"https:\/\/www.timetogether.fr\/wp-content\/uploads\/2016\/05\/Emilie-scaled.jpg","type":"image\/jpeg"}],"author":"Emilie Dedes","twitter_card":"summary_large_image","twitter_title":"Qui suis-je ?","twitter_description":"Pas facile finalement de parler de soi, de se livrer devant son clavier et son \u00e9cran. C\u2019est beaucoup plus simple pour moi de vous parler de vive voix :)","twitter_image":"https:\/\/www.timetogether.fr\/wp-content\/uploads\/2016\/05\/Emilie-scaled.jpg","twitter_misc":{"\u00c9crit par":"Emilie Dedes","Dur\u00e9e de lecture estim\u00e9e":"1 minute"},"schema":{"@context":"https:\/\/schema.org","@graph":[{"@type":"WebPage","@id":"https:\/\/www.timetogether.fr\/index.php\/2016\/05\/13\/qui-suis-je\/","url":"https:\/\/www.timetogether.fr\/index.php\/2016\/05\/13\/qui-suis-je\/","name":"Qui suis-je ? - Time Together - Yoga du rire","isPartOf":{"@id":"https:\/\/www.timetogether.fr\/#website"},"primaryImageOfPage":{"@id":"https:\/\/www.timetogether.fr\/index.php\/2016\/05\/13\/qui-suis-je\/#primaryimage"},"image":{"@id":"https:\/\/www.timetogether.fr\/index.php\/2016\/05\/13\/qui-suis-je\/#primaryimage"},"thumbnailUrl":"https:\/\/www.timetogether.fr\/wp-content\/uploads\/2016\/05\/Emilie-scaled.jpg","datePublished":"2016-05-13T18:04:01+00:00","dateModified":"2020-07-29T16:33:42+00:00","author":{"@id":"https:\/\/www.timetogether.fr\/#\/schema\/person\/95984054301b175f28b25d74b7a460c5"},"breadcrumb":{"@id":"https:\/\/www.timetogether.fr\/index.php\/2016\/05\/13\/qui-suis-je\/#breadcrumb"},"inLanguage":"fr-FR","potentialAction":[{"@type":"ReadAction","target":["https:\/\/www.timetogether.fr\/index.php\/2016\/05\/13\/qui-suis-je\/"]}]},{"@type":"ImageObject","inLanguage":"fr-FR","@id":"https:\/\/www.timetogether.fr\/index.php\/2016\/05\/13\/qui-suis-je\/#primaryimage","url":"https:\/\/www.timetogether.fr\/wp-content\/uploads\/2016\/05\/Emilie-scaled.jpg","contentUrl":"https:\/\/www.timetogether.fr\/wp-content\/uploads\/2016\/05\/Emilie-scaled.jpg","width":2494,"height":2560,"caption":"Emilie, yoga du rire"},{"@type":"BreadcrumbList","@id":"https:\/\/www.timetogether.fr\/index.php\/2016\/05\/13\/qui-suis-je\/#breadcrumb","itemListElement":[{"@type":"ListItem","position":1,"name":"Accueil","item":"https:\/\/www.timetogether.fr\/"},{"@type":"ListItem","position":2,"name":"Qui suis-je ?"}]},{"@type":"WebSite","@id":"https:\/\/www.timetogether.fr\/#website","url":"https:\/\/www.timetogether.fr\/","name":"Time Together - Yoga du rire","description":"Prenez le temps de vous r\u00e9v\u00e9ler \u00e0 vous-m\u00eame !","potentialAction":[{"@type":"SearchAction","target":{"@type":"EntryPoint","urlTemplate":"https:\/\/www.timetogether.fr\/?s={search_term_string}"},"query-input":{"@type":"PropertyValueSpecification","valueRequired":true,"valueName":"search_term_string"}}],"inLanguage":"fr-FR"},{"@type":"Person","@id":"https:\/\/www.timetogether.fr\/#\/schema\/person\/95984054301b175f28b25d74b7a460c5","name":"Emilie Dedes","image":{"@type":"ImageObject","inLanguage":"fr-FR","@id":"https:\/\/www.timetogether.fr\/#\/schema\/person\/image\/","url":"https:\/\/secure.gravatar.com\/avatar\/84f7bc95354c01bc9e81de03323273a6?s=96&d=mm&r=g","contentUrl":"https:\/\/secure.gravatar.com\/avatar\/84f7bc95354c01bc9e81de03323273a6?s=96&d=mm&r=g","caption":"Emilie Dedes"},"sameAs":["http:\/\/www.timetogether.fr","https:\/\/www.facebook.com\/timetogetheryogadurire","https:\/\/www.instagram.com\/timetogetheryogadurire\/","https:\/\/www.linkedin.com\/company\/68342108"],"url":"https:\/\/www.timetogether.fr\/index.php\/author\/emilie\/"}]}},"_links":{"self":[{"href":"https:\/\/www.timetogether.fr\/index.php\/wp-json\/wp\/v2\/posts\/4106","targetHints":{"allow":["GET"]}}],"collection":[{"href":"https:\/\/www.timetogether.fr\/index.php\/wp-json\/wp\/v2\/posts"}],"about":[{"href":"https:\/\/www.timetogether.fr\/index.php\/wp-json\/wp\/v2\/types\/post"}],"author":[{"embeddable":true,"href":"https:\/\/www.timetogether.fr\/index.php\/wp-json\/wp\/v2\/users\/3"}],"replies":[{"embeddable":true,"href":"https:\/\/www.timetogether.fr\/index.php\/wp-json\/wp\/v2\/comments?post=4106"}],"version-history":[{"count":0,"href":"https:\/\/www.timetogether.fr\/index.php\/wp-json\/wp\/v2\/posts\/4106\/revisions"}],"wp:featuredmedia":[{"embeddable":true,"href":"https:\/\/www.timetogether.fr\/index.php\/wp-json\/wp\/v2\/media\/5594"}],"wp:attachment":[{"href":"https:\/\/www.timetogether.fr\/index.php\/wp-json\/wp\/v2\/media?parent=4106"}],"wp:term":[{"taxonomy":"category","embeddable":true,"href":"https:\/\/www.timetogether.fr\/index.php\/wp-json\/wp\/v2\/categories?post=4106"},{"taxonomy":"post_tag","embeddable":true,"href":"https:\/\/www.timetogether.fr\/index.php\/wp-json\/wp\/v2\/tags?post=4106"}],"curies":[{"name":"wp","href":"https:\/\/api.w.org\/{rel}","templated":true}]}}